{"id":1603,"date":"2024-07-30T08:43:35","date_gmt":"2024-07-30T06:43:35","guid":{"rendered":"https:\/\/www.polmarterre.fr\/?post_type=news&#038;p=1603"},"modified":"2024-07-30T08:43:35","modified_gmt":"2024-07-30T06:43:35","slug":"exercice-pyrenees-atlantiques-2024","status":"publish","type":"news","link":"https:\/\/www.polmarterre.fr\/index.php\/news\/exercice-pyrenees-atlantiques-2024\/","title":{"rendered":"Exercice Pyr\u00e9n\u00e9es Atlantiques 2024"},"content":{"rendered":"\n<p id=\"ember1430\" class=\"ember-view reader-text-block__paragraph\">Les 25 et 26 juin 2024, le PNE POLMAR-Terre et le Cedre se sont rendus dans les Pyr\u00e9n\u00e9es Atlantiques pour former une cinquantaine d&rsquo;agents issus de collectivit\u00e9s, de services de l&rsquo;Etat et du SDIS, \u00e0 la gestion d&rsquo;une crise par pollution marine accidentelle.<\/p>\n<p id=\"ember1431\" class=\"ember-view reader-text-block__paragraph\">Cette formation a \u00e9t\u00e9 suivie de deux demi-journ\u00e9es d&rsquo;exercice de gestion de crise en sous pr\u00e9fecture de Bayonne, puis en pr\u00e9fecture de Pau.<\/p>\n<p id=\"ember1432\" class=\"ember-view reader-text-block__paragraph\">L&rsquo;objectif de la premi\u00e8re demi-journ\u00e9e \u00e9tait l&rsquo;anticipation \u00e0 terre des diff\u00e9rentes actions \u00e0 mettre en \u0153uvre en pr\u00e9vision d&rsquo;un arrivage de polluant imminent : sch\u00e9ma d&rsquo;alerte, identification des zones \u00e0 prot\u00e9ger, pr\u00e9servation des int\u00e9r\u00eats.<\/p>\n<p id=\"ember1433\" class=\"ember-view reader-text-block__paragraph\">La deuxi\u00e8me journ\u00e9e a permis aux services pr\u00e9sents en pr\u00e9fecture, ainsi que la commune de Biarritz en distanciel, de travailler sur la prise en charge d&rsquo;une pollution \u00e9chou\u00e9e sur diff\u00e9rents sites du littoral du d\u00e9partement<\/p>\n","protected":false},"excerpt":{"rendered":"<p>Les 25 et 26 juin 2024, le PNE POLMAR-Terre et le Cedre se sont rendus dans les Pyr\u00e9n\u00e9es Atlantiques pour former une cinquantaine d&rsquo;agents issus de collectivit\u00e9s, de services de l&rsquo;Etat et du SDIS, \u00e0 la gestion d&rsquo;une crise par pollution marine accidentelle. Cette formation a \u00e9t\u00e9 suivie de deux demi-journ\u00e9es d&rsquo;exercice de gestion de&hellip; <a href=\"https:\/\/www.polmarterre.fr\/index.php\/news\/exercice-pyrenees-atlantiques-2024\/\" class=\"more-link\">Lire la suite <span class=\"screen-reader-text\">Exercice Pyr\u00e9n\u00e9es Atlantiques 2024<\/span><\/a><\/p>\n","protected":false},"author":1,"featured_media":0,"template":"","categories":[],"newstags":[],"class_list":["post-1603","news","type-news","status-publish","hentry","without-featured-image"],"_links":{"self":[{"href":"https:\/\/www.polmarterre.fr\/index.php\/wp-json\/wp\/v2\/news\/1603","targetHints":{"allow":["GET"]}}],"collection":[{"href":"https:\/\/www.polmarterre.fr\/index.php\/wp-json\/wp\/v2\/news"}],"about":[{"href":"https:\/\/www.polmarterre.fr\/index.php\/wp-json\/wp\/v2\/types\/news"}],"author":[{"embeddable":true,"href":"https:\/\/www.polmarterre.fr\/index.php\/wp-json\/wp\/v2\/users\/1"}],"wp:attachment":[{"href":"https:\/\/www.polmarterre.fr\/index.php\/wp-json\/wp\/v2\/media?parent=1603"}],"wp:term":[{"taxonomy":"category","embeddable":true,"href":"https:\/\/www.polmarterre.fr\/index.php\/wp-json\/wp\/v2\/categories?post=1603"},{"taxonomy":"newstags","embeddable":true,"href":"https:\/\/www.polmarterre.fr\/index.php\/wp-json\/wp\/v2\/newstags?post=1603"}],"curies":[{"name":"wp","href":"https:\/\/api.w.org\/{rel}","templated":true}]}}